{"id":2667,"date":"2025-05-08T09:28:33","date_gmt":"2025-05-08T07:28:33","guid":{"rendered":"https:\/\/wanicki.pl\/agro\/?p=2667"},"modified":"2025-05-08T14:31:58","modified_gmt":"2025-05-08T12:31:58","slug":"wez-udzial-w-pokazach-maszyn-zielonkowych-sip","status":"publish","type":"post","link":"https:\/\/wanicki.pl\/agro\/aktualnosci\/wez-udzial-w-pokazach-maszyn-zielonkowych-sip\/","title":{"rendered":"We\u017a udzia\u0142 w pokazach maszyn zielonkowych SIP"},"content":{"rendered":"<div class=\"wp-block-wanicki-image-with-text image-with-text \">\n\n    <div class=\"image-with-text__image\">\n                    <div class=\"image-with-text__image-photo\"\n                 style=\"background-image: url(https:\/\/wanicki.pl\/agro\/wp-content\/uploads\/sites\/16\/2025\/05\/Maj-agro-fb-1.png)\"><\/div>\n            <\/div>\n\n    <div class=\"image-with-text__info  \">\n                    <div class=\"image-with-text__info-title-wrapper\">\n                <h2 class=\"image-with-text__info-title\">Zapraszamy na pokazy polowe<\/h2>\n                                    <\/div>\n                            <div class=\"image-with-text__info-text\">\n                <p data-ccp-props=\"{&quot;335551550&quot;:1,&quot;335551620&quot;:1,&quot;335559683&quot;:0,&quot;335559685&quot;:180,&quot;335559731&quot;:0,&quot;335559737&quot;:0,&quot;335562764&quot;:2,&quot;335562765&quot;:1.14999,&quot;335562766&quot;:4,&quot;335562767&quot;:0,&quot;335562768&quot;:4,&quot;335562769&quot;:0}\"><span data-usefontface=\"false\" data-contrast=\"none\">Je\u015bli zastanawiasz si\u0119 nad zakupem maszyny John <\/span><span data-usefontface=\"false\" data-contrast=\"none\">Deere<\/span><span data-usefontface=\"false\" data-contrast=\"none\"> lub SIP to <\/span><span data-usefontface=\"false\" data-contrast=\"none\">idealna okazja, \u017ceby sprawdzi\u0107 jak radzi sobie ona w polu.<\/span>\u200b<\/p>\n<p data-ccp-props=\"{&quot;335551550&quot;:1,&quot;335551620&quot;:1,&quot;335559683&quot;:0,&quot;335559685&quot;:180,&quot;335559731&quot;:0,&quot;335559737&quot;:0,&quot;335562764&quot;:2,&quot;335562765&quot;:1.14999,&quot;335562766&quot;:4,&quot;335562767&quot;:0,&quot;335562768&quot;:4,&quot;335562769&quot;:0}\"><span data-usefontface=\"false\" data-contrast=\"none\">\ud83d\udcc5\u00a0<\/span><span data-scheme-color=\"@1C2B33,,\" data-usefontface=\"false\" data-contrast=\"none\">\ud835\udfed\ud835\udfee \ud835\uddfa\ud835\uddee\ud835\uddf7\ud835\uddee<\/span><span data-usefontface=\"false\" data-contrast=\"none\">\u00a0(poniedzia\u0142ek) o godzinie <\/span><span data-scheme-color=\"@1C2B33,,\" data-usefontface=\"false\" data-contrast=\"none\">\ud835\udfed\ud835\udfee:\ud835\udfec\ud835\udfec<\/span><\/p>\n<p data-ccp-props=\"{&quot;335551550&quot;:1,&quot;335551620&quot;:1,&quot;335559683&quot;:0,&quot;335559685&quot;:180,&quot;335559731&quot;:0,&quot;335559737&quot;:0,&quot;335562764&quot;:2,&quot;335562765&quot;:1.14999,&quot;335562766&quot;:4,&quot;335562767&quot;:0,&quot;335562768&quot;:4,&quot;335562769&quot;:0}\">\u200b<br \/>\n<span data-usefontface=\"false\" data-contrast=\"none\">\ud83d\udccd Pole pokazowe: <a href=\"https:\/\/maps.app.goo.gl\/Wfh857pMnU1sG78M6g_st=iw\">ul. Hodowc\u00f3w 71, 43-243 Wis\u0142a Wielka\u00a0<\/a><\/span>\u200b<\/p>\n<p data-ccp-props=\"{&quot;335551550&quot;:1,&quot;335551620&quot;:1,&quot;335559683&quot;:0,&quot;335559685&quot;:720,&quot;335559731&quot;:-540,&quot;335559737&quot;:0,&quot;335562764&quot;:2,&quot;335562765&quot;:1.14999,&quot;335562766&quot;:4,&quot;335562767&quot;:0,&quot;335562768&quot;:4,&quot;335562769&quot;:0}\"><span data-usefontface=\"false\" data-contrast=\"none\">Chcesz wzi\u0105\u0107 udzia\u0142? <\/span>\u200bKliknij i zarezerwuj miejsce \ud83d\udc47\u200b<\/p>\n\n            <\/div>\n                            <a href=\"tel:724254153\" class=\"btn btn--primary image-with-text__button \"\n               >Zarezerwuj miejsce<\/a>\n                \n    <\/div>\n\n<\/div>\n\n\n\n<p><\/p>\n","protected":false},"excerpt":{"rendered":"","protected":false},"author":15,"featured_media":2671,"comment_status":"open","ping_status":"open","sticky":false,"template":"","format":"standard","meta":{"_acf_changed":false,"_seopress_robots_primary_cat":"none","_seopress_titles_title":"","_seopress_titles_desc":"","_seopress_robots_index":"","inline_featured_image":false,"footnotes":""},"categories":[20],"tags":[],"class_list":["post-2667","post","type-post","status-publish","format-standard","has-post-thumbnail","hentry","category-wydarzenia"],"acf":[],"_links":{"self":[{"href":"https:\/\/wanicki.pl\/agro\/wp-json\/wp\/v2\/posts\/2667","targetHints":{"allow":["GET"]}}],"collection":[{"href":"https:\/\/wanicki.pl\/agro\/wp-json\/wp\/v2\/posts"}],"about":[{"href":"https:\/\/wanicki.pl\/agro\/wp-json\/wp\/v2\/types\/post"}],"author":[{"embeddable":true,"href":"https:\/\/wanicki.pl\/agro\/wp-json\/wp\/v2\/users\/15"}],"replies":[{"embeddable":true,"href":"https:\/\/wanicki.pl\/agro\/wp-json\/wp\/v2\/comments?post=2667"}],"version-history":[{"count":1,"href":"https:\/\/wanicki.pl\/agro\/wp-json\/wp\/v2\/posts\/2667\/revisions"}],"predecessor-version":[{"id":2672,"href":"https:\/\/wanicki.pl\/agro\/wp-json\/wp\/v2\/posts\/2667\/revisions\/2672"}],"wp:featuredmedia":[{"embeddable":true,"href":"https:\/\/wanicki.pl\/agro\/wp-json\/wp\/v2\/media\/2671"}],"wp:attachment":[{"href":"https:\/\/wanicki.pl\/agro\/wp-json\/wp\/v2\/media?parent=2667"}],"wp:term":[{"taxonomy":"category","embeddable":true,"href":"https:\/\/wanicki.pl\/agro\/wp-json\/wp\/v2\/categories?post=2667"},{"taxonomy":"post_tag","embeddable":true,"href":"https:\/\/wanicki.pl\/agro\/wp-json\/wp\/v2\/tags?post=2667"}],"curies":[{"name":"wp","href":"https:\/\/api.w.org\/{rel}","templated":true}]}}