{"id":2678,"date":"2025-05-16T15:50:57","date_gmt":"2025-05-16T13:50:57","guid":{"rendered":"https:\/\/wanicki.pl\/agro\/?p=2678"},"modified":"2025-05-16T15:50:59","modified_gmt":"2025-05-16T13:50:59","slug":"100-lat-marki-kramer","status":"publish","type":"post","link":"https:\/\/wanicki.pl\/agro\/aktualnosci\/100-lat-marki-kramer\/","title":{"rendered":"100 lat marki Kramer"},"content":{"rendered":"<div class=\"wp-block-wanicki-image-with-text image-with-text \">\n\n    <div class=\"image-with-text__image\">\n                    <div class=\"image-with-text__image-photo\"\n                 style=\"background-image: url(https:\/\/wanicki.pl\/agro\/wp-content\/uploads\/sites\/16\/2025\/05\/Maj-agro-fb-6.png)\"><\/div>\n            <\/div>\n\n    <div class=\"image-with-text__info  \">\n                    <div class=\"image-with-text__info-title-wrapper\">\n                <h2 class=\"image-with-text__info-title\">100 lat marki Kramer<\/h2>\n                                    <\/div>\n                            <div class=\"image-with-text__info-text\">\n                <p data-start=\"65\" data-end=\"332\">W tym roku marka <strong data-start=\"82\" data-end=\"92\">Kramer<\/strong> obchodzi swoje <strong data-start=\"108\" data-end=\"131\">100-lecie istnienia<\/strong>, a my jako jej oficjalny dealer jeste\u015bmy dumni, \u017ce mo\u017cemy by\u0107 cz\u0119\u015bci\u0105 tej historii. To sto lat do\u015bwiadczenia, niezawodno\u015bci i innowacji, kt\u00f3re Kramer wnosi do \u015bwiata maszyn rolniczych i budowlanych.<\/p>\n<p data-start=\"334\" data-end=\"490\">Dzi\u0119kujemy Kramerowi za zaufanie i wieloletni\u0105 wsp\u00f3\u0142prac\u0119. To dla nas zaszczyt wspiera\u0107 mark\u0119, kt\u00f3ra od pokole\u0144 dostarcza sprz\u0119t, na kt\u00f3rym mo\u017cna polega\u0107.<\/p>\n<p data-start=\"492\" data-end=\"737\">Z okazji tego wyj\u0105tkowego jubileuszu Kramer przygotowa\u0142 co\u015b specjalnego \u2013 model <strong data-start=\"572\" data-end=\"622\">Kramer KT407 w limitowanej, rocznicowej wersji<\/strong>. Ten wyj\u0105tkowy model wyr\u00f3\u017cnia si\u0119 unikalnym, jubileuszowym oklejeniem, kt\u00f3re podkre\u015bla stuletni\u0105 tradycj\u0119 marki.<\/p>\n\n            <\/div>\n                        \n    <\/div>\n\n<\/div>\n\n\n\n<p><\/p>\n","protected":false},"excerpt":{"rendered":"","protected":false},"author":15,"featured_media":2681,"comment_status":"open","ping_status":"open","sticky":false,"template":"","format":"standard","meta":{"_acf_changed":false,"_seopress_robots_primary_cat":"none","_seopress_titles_title":"","_seopress_titles_desc":"","_seopress_robots_index":"","inline_featured_image":false,"footnotes":""},"categories":[20],"tags":[],"class_list":["post-2678","post","type-post","status-publish","format-standard","has-post-thumbnail","hentry","category-wydarzenia"],"acf":[],"_links":{"self":[{"href":"https:\/\/wanicki.pl\/agro\/wp-json\/wp\/v2\/posts\/2678","targetHints":{"allow":["GET"]}}],"collection":[{"href":"https:\/\/wanicki.pl\/agro\/wp-json\/wp\/v2\/posts"}],"about":[{"href":"https:\/\/wanicki.pl\/agro\/wp-json\/wp\/v2\/types\/post"}],"author":[{"embeddable":true,"href":"https:\/\/wanicki.pl\/agro\/wp-json\/wp\/v2\/users\/15"}],"replies":[{"embeddable":true,"href":"https:\/\/wanicki.pl\/agro\/wp-json\/wp\/v2\/comments?post=2678"}],"version-history":[{"count":1,"href":"https:\/\/wanicki.pl\/agro\/wp-json\/wp\/v2\/posts\/2678\/revisions"}],"predecessor-version":[{"id":2682,"href":"https:\/\/wanicki.pl\/agro\/wp-json\/wp\/v2\/posts\/2678\/revisions\/2682"}],"wp:featuredmedia":[{"embeddable":true,"href":"https:\/\/wanicki.pl\/agro\/wp-json\/wp\/v2\/media\/2681"}],"wp:attachment":[{"href":"https:\/\/wanicki.pl\/agro\/wp-json\/wp\/v2\/media?parent=2678"}],"wp:term":[{"taxonomy":"category","embeddable":true,"href":"https:\/\/wanicki.pl\/agro\/wp-json\/wp\/v2\/categories?post=2678"},{"taxonomy":"post_tag","embeddable":true,"href":"https:\/\/wanicki.pl\/agro\/wp-json\/wp\/v2\/tags?post=2678"}],"curies":[{"name":"wp","href":"https:\/\/api.w.org\/{rel}","templated":true}]}}