{"id":9626,"date":"2026-03-10T19:59:03","date_gmt":"2026-03-10T18:59:03","guid":{"rendered":"https:\/\/wanicki.pl\/?p=9626"},"modified":"2026-03-13T07:15:02","modified_gmt":"2026-03-13T06:15:02","slug":"swietujemy-35-lat-wanicki","status":"publish","type":"post","link":"https:\/\/wanicki.pl\/en\/aktualnosci\/swietujemy-35-lat-wanicki\/","title":{"rendered":"\u015awi\u0119tujemy! 35 lat Wanicki!"},"content":{"rendered":"<div class=\"wp-block-wanicki-image-with-text image-with-text \">\n\n    <div class=\"image-with-text__image\">\n                    <div class=\"image-with-text__image-photo\"\n                 style=\"background-image: url(https:\/\/wanicki.pl\/wp-content\/uploads\/2026\/03\/V1.jpg)\"><\/div>\n            <\/div>\n\n    <div class=\"image-with-text__info  \">\n                    <div class=\"image-with-text__info-title-wrapper\">\n                <h2 class=\"image-with-text__info-title\">Od 35 lat nap\u0119dzamy Tw\u00f3j rozw\u00f3j!<\/h2>\n                                    <\/div>\n                            <div class=\"image-with-text__info-text\">\n                <p><strong>Jubileusz 35 lat Wanicki<\/strong> to dla nas wyj\u0105tkowy moment, by zatrzyma\u0107 si\u0119 na chwil\u0119, spojrze\u0107 na drog\u0119, kt\u00f3r\u0105 przeszli\u015bmy i doceni\u0107 ludzi, relacje oraz warto\u015bci, kt\u00f3re od lat buduj\u0105 nasz\u0105 histori\u0119.<\/p>\n\n            <\/div>\n                        \n    <\/div>\n\n<\/div>\n\n\n\n<div style=\"height:41px\" aria-hidden=\"true\" class=\"wp-block-spacer\"><\/div>\n\n\n\n<p><strong>Historia Grupy\u00a0Wanicki<\/strong>\u00a0to opowie\u015b\u0107 <strong>o odwadze, pracy i nieustannym rozwoju. <\/strong>To historia firmy, kt\u00f3ra z niewielkiego przedsi\u0119biorstwa transportowego powsta\u0142ego <strong>35 lat temu<\/strong> przekszta\u0142ci\u0142a si\u0119 w <strong>jedn\u0105 z najbardziej rozpoznawalnych organizacji w bran\u017cy transportowej i rolniczej w Polsce<\/strong>. To r\u00f3wnie\u017c historia ludzi \u2013 rodziny, zespo\u0142u i klient\u00f3w \u2013 kt\u00f3rzy wsp\u00f3lnie buduj\u0105 jej sukces.\u00a0<\/p>\n\n\n\n<p><strong>Co szczeg\u00f3lnie wa\u017cne, pomimo dynamicznego rozwoju i rosn\u0105cej skali dzia\u0142alno\u015bci Grupa\u00a0Wanicki\u00a0pozostaje firm\u0105 rodzinn\u0105 z polskim kapita\u0142em.<\/strong> Przedsi\u0119biorstwo wci\u0105\u017c prowadzone jest przez jego za\u0142o\u017cyciela <strong>Wies\u0142awa\u00a0Wanickiego\u00a0oraz jego dw\u00f3ch syn\u00f3w \u2013 Bart\u0142omieja i Micha\u0142a\u00a0Wanickich,<\/strong> kt\u00f3rzy wsp\u00f3lnie kontynuuj\u0105 i rozwijaj\u0105 wizj\u0119 budowania nowoczesnej, silnej i odpowiedzialnej organizacji.\u00a0<\/p>\n\n\n\n<p>Pocz\u0105tki firmy si\u0119gaj\u0105 roku <strong>1991<\/strong>, kiedy <strong>Wies\u0142aw\u00a0Wanicki\u00a0za\u0142o\u017cy\u0142 przedsi\u0119biorstwo transportowe<\/strong>. By\u0142 to czas przemian gospodarczych w Polsce, ale r\u00f3wnie\u017c moment, w kt\u00f3rym przedsi\u0119biorczo\u015b\u0107 i ci\u0119\u017cka praca mog\u0142y prowadzi\u0107 do tworzenia nowych mo\u017cliwo\u015bci. Od samego pocz\u0105tku fundamentem dzia\u0142alno\u015bci firmy by\u0142a elastyczno\u015b\u0107, otwarto\u015b\u0107 na zmiany oraz indywidualne podej\u015bcie do potrzeb klient\u00f3w. Wraz z rozwojem dzia\u0142alno\u015bci transportowej pojawi\u0142a si\u0119 naturalna potrzeba poszerzenia zakresu us\u0142ug. W kolejnych latach firma zacz\u0119\u0142a rozwija\u0107 dzia\u0142alno\u015b\u0107 serwisow\u0105, buduj\u0105c zaplecze techniczne i kompetencje zwi\u0105zane z obs\u0142ug\u0105 oraz napraw\u0105 pojazd\u00f3w ci\u0119\u017carowych. By\u0142 to jeden z pierwszych krok\u00f3w w kierunku tworzenia kompleksowej oferty dla bran\u017cy transportowej, a zdobyte do\u015bwiadczenie sta\u0142o si\u0119 fundamentem kolejnego prze\u0142omowego momentu w historii firmy.\u00a0<\/p>\n\n\n\n<p><strong>W 1999 roku podpisano umow\u0119 dealersk\u0105 z DAF Trucks Polska<\/strong>, obejmuj\u0105c\u0105 sprzeda\u017c i serwis samochod\u00f3w ci\u0119\u017carowych marki DAF. Decyzja ta otworzy\u0142a nowy rozdzia\u0142 w historii przedsi\u0119biorstwa i pozwoli\u0142a budowa\u0107 siln\u0105 pozycj\u0119 w bran\u017cy transportowej.\u00a0<\/p>\n\n\n\n<p><strong>Na przestrzeni lat Grupa\u00a0Wanicki\u00a0by\u0142a wielokrotnie nagradzana za najwy\u017csz\u0105 jako\u015b\u0107 sprzeda\u017cy i obs\u0142ugi klient\u00f3w. <\/strong>Firma zdobywa\u0142a presti\u017cowe wyr\u00f3\u017cnienia w mi\u0119dzynarodowej sieci dealerskiej DAF, w tym tytu\u0142y DAF Gold Dealer, DAF Premium Dealer oraz\u00a0Paccar\u00a0Financial\u00a0Award\u00a0i International PACCAR\u00a0Parts\u00a0Dealer of the\u00a0Year. Szczeg\u00f3lnym powodem do dumy s\u0105 r\u00f3wnie\u017c sukcesy oddzia\u0142\u00f3w firmy w konkursie<strong> Dealer of the\u00a0Year\u00a0DAF<\/strong> \u2013 w 2015 roku tytu\u0142 ten zdoby\u0142 oddzia\u0142 w \u015awidniku, a w latach 2019, 2021 oraz 2024 statuetk\u0119 otrzyma\u0142 oddzia\u0142 <strong>DAF\u00a0Wanicki\u00a0Rzesz\u00f3w, kt\u00f3ry jako pierwszy dealer w Polsce triumfowa\u0142 w tym konkursie a\u017c trzy razy<\/strong>. Doceniane s\u0105 tak\u017ce kompetencje i zaanga\u017cowanie zespo\u0142u. Wyr\u00f3\u017cnienia zdobywaj\u0105 pracownicy Grupy\u00a0Wanicki\u00a0\u2013 mi\u0119dzy innymi zwyci\u0119zca polskiej edycji konkursu DAF\u00a0Technician\u00a0of the\u00a0Year\u00a0\u2013 a tak\u017ce zespo\u0142y odpowiedzialne za rozw\u00f3j nowych technologii i system\u00f3w, w tym dzia\u0142 IT, kt\u00f3rego projekty s\u0105 doceniane w strukturach mi\u0119dzynarodowych partner\u00f3w. Grupa\u00a0Wanicki\u00a0aktywnie wspiera r\u00f3wnie\u017c rozw\u00f3j bran\u017cy, b\u0119d\u0105c inicjatorem i organizatorem r\u00f3\u017cnych wydarze\u0144 oraz konkurs\u00f3w. W\u015br\u00f3d nich znajduj\u0105 si\u0119 mi\u0119dzy innymi <strong>og\u00f3lnopolskie Zawody Mechanik\u00f3w,<\/strong> kt\u00f3re promuj\u0105 rozw\u00f3j kompetencji technicznych i wspieraj\u0105 m\u0142ode talenty w bran\u017cy motoryzacyjnej.\u00a0<\/p>\n\n\n\n<p>Rozw\u00f3j firmy nie ogranicza\u0142 si\u0119 jednak wy\u0142\u0105cznie do sektora transportowego. <strong>W pierwszych latach drugiej dekady XXI wieku Grupa\u00a0Wanicki\u00a0rozszerzy\u0142a swoje portfolio o kolejne marki i segmenty rynku. <\/strong>Firma uzyska\u0142a <strong>autoryzacj\u0119 na sprzeda\u017c i obs\u0142ug\u0119 serwisow\u0105 autobus\u00f3w\u00a0hiszpa\u0144skiej marki\u00a0Irizar<\/strong>, a tak\u017ce rozwija\u0142a sprzeda\u017c pojazd\u00f3w Tatra,\u00a0Yanmar\u00a0oraz Isuzu, umacniaj\u0105c swoj\u0105 pozycj\u0119 w sektorze pojazd\u00f3w u\u017cytkowych i specjalistycznych.\u00a0<\/p>\n\n\n\n<p>Jednym z<strong> najwa\u017cniejszych kamieni milowych w historii firmy by\u0142o wej\u015bcie w sektor rolniczy.<\/strong> W 2014 roku podpisano umow\u0119 dealersk\u0105 z globalnym liderem technologii rolniczej \u2013 <strong>John\u00a0Deere<\/strong>. W ten spos\u00f3b <strong>powsta\u0142 segment\u00a0Wanicki\u00a0Agro<\/strong>, kt\u00f3ry w kr\u00f3tkim czasie sta\u0142 si\u0119 <strong>drugim filarem dzia\u0142alno\u015bci Grupy<\/strong>. Rozw\u00f3j tego obszaru obejmuje nie tylko sprzeda\u017c i serwis nowoczesnych maszyn rolniczych, ale r\u00f3wnie\u017c wdra\u017canie rozwi\u0105za\u0144 z zakresu rolnictwa precyzyjnego. Dzi\u0119ki wykorzystaniu zaawansowanych technologii cyfrowych, system\u00f3w satelitarnych i analizy danych rolnicy mog\u0105 dzi\u015b zarz\u0105dza\u0107 swoimi gospodarstwami w spos\u00f3b bardziej efektywny, zr\u00f3wnowa\u017cony i ekonomiczny.\u00a0<\/p>\n\n\n\n<p>W kolejnych latach portfolio maszyn rolniczych zosta\u0142o poszerzone o uznane marki, takie jak <strong>Kramer,\u00a0Monosem, Bednar, SIP,\u00a0SaMASZ\u00a0czy\u00a0Rolex<\/strong>, dzi\u0119ki czemu firma mo\u017ce oferowa\u0107 rolnikom kompleksowe rozwi\u0105zania dla nowoczesnego gospodarstwa. Dzi\u015b\u00a0Wanicki\u00a0Agro jest oceniany jako jeden z najlepszych dealer\u00f3w serwisowych w kraju i stawiany jako przyk\u0142ad dla innych rynk\u00f3w w regionie.\u00a0<\/p>\n\n\n\n<p>R\u00f3wnolegle\u00a0rozwijany by\u0142 segment\u00a0pojazd\u00f3w do zada\u0144\u00a0specjalnych. Firma zosta\u0142a importerem rozwi\u0105za\u0144 takich marek jak\u00a0<strong>Geesinknorba\u00a0oraz\u00a0Lamberet<\/strong>, a w ofercie znalaz\u0142y si\u0119 r\u00f3wnie\u017c lekkie pojazdy u\u017cytkowe\u00a0<strong>Piaggio.\u00a0<\/strong><\/p>\n\n\n\n<p>Grupa\u00a0Wanicki\u00a0konsekwentnie rozwija r\u00f3wnie\u017c swoj\u0105 infrastruktur\u0119 i sie\u0107 serwisow\u0105. Obecnie <strong>dzia\u0142a w 23\u00a0oddzia\u0142ach, z czego 11 punkt\u00f3w dealerskich, serwisowych i us\u0142ugowych obs\u0142uguje sektor TSL (w tym specjalistyczne punkty obs\u0142uguj\u0105ce m.in. naprawy cystern), a 12\u00a0oddzia\u0142\u00f3w dedykowanych jest bran\u017cy rolniczej. <\/strong>Sie\u0107 ta jest systematycznie rozbudowywana \u2013 w najbli\u017cszych latach planowane jest otwieranie kolejnych lokalizacji. Istotnym elementem dzia\u0142alno\u015bci firmy s\u0105 tak\u017ce <strong>nowoczesne blacharnie i lakiernie<\/strong>, kt\u00f3re pozwalaj\u0105 kompleksowo obs\u0142ugiwa\u0107 klient\u00f3w w zakresie napraw powypadkowych. Sie\u0107 us\u0142ug uzupe\u0142niaj\u0105 r\u00f3wnie\u017c <strong>Okr\u0119gowe Stacje Kontroli Pojazd\u00f3w (OSKP),<\/strong> dzi\u0119ki kt\u00f3rym klienci mog\u0105 korzysta\u0107 z pe\u0142nego zakresu us\u0142ug technicznych w jednym miejscu.\u00a0<\/p>\n\n\n\n<p>Wa\u017cnym elementem to\u017csamo\u015bci firmy s\u0105 warto\u015bci i motto, kt\u00f3re towarzysz\u0105 jej rozwojowi. Przez lata dzia\u0142alno\u015bci firmie przy\u015bwieca\u0142o has\u0142o <strong>Dok\u0105dkolwiek prowadzi droga, jeste\u015bmy dla Ciebie<\/strong>, podkre\u015blaj\u0105ce partnerskie podej\u015bcie do klient\u00f3w. W ostatnich latach ide\u0119 t\u0119 rozwija <strong>motto Nap\u0119dzamy Tw\u00f3j rozw\u00f3j<\/strong>, kt\u00f3re doskonale oddaje rol\u0119 Grupy\u00a0Wanicki\u00a0jako partnera wspieraj\u0105cego rozw\u00f3j przedsi\u0119biorstw transportowych i gospodarstw rolnych.\u00a0<\/p>\n\n\n\n<p>Dzi\u015b Grupa\u00a0Wanicki\u00a0to nowoczesna organizacja zatrudniaj\u0105ca<strong> 800 pracownik\u00f3w<\/strong>. Firma oferuje klientom nie tylko sprzeda\u017c\u00a0zar\u00f3wno nowych, jak i u\u017cywanych\u00a0pojazd\u00f3w i maszyn, lecz tak\u017ce kompleksowe wsparcie obejmuj\u0105ce serwis, cz\u0119\u015bci zamienne, finansowanie, ubezpieczenia oraz nowoczesne rozwi\u0105zania technologiczne.\u00a0<\/p>\n\n\n\n<p>Dynamiczny rozw\u00f3j obejmuje r\u00f3wnie\u017c nowe kana\u0142y cyfrowe. <strong>W 2025 roku uruchomiony zosta\u0142 sklep internetowy RolnikKupuje.pl<\/strong>, kt\u00f3ry umo\u017cliwia rolnikom szybki dost\u0119p do szerokiej oferty cz\u0119\u015bci i produkt\u00f3w dla nowoczesnego gospodarstwa. Komunikacja z bran\u017c\u0105 rolnicz\u0105 rozwijana jest tak\u017ce poprzez<strong> specjalistyczny i niezale\u017cny kana\u0142 YouTube\u00a0Rolnik Na Czasie<\/strong>, prezentuj\u0105cy praktyczne aspekty nowoczesnego rolnictwa oraz technologie stosowane w gospodarstwach.\u00a0Grupa\u00a0Wanicki\u00a0aktywnie dzia\u0142a r\u00f3wnie\u017c w mediach spo\u0142eczno\u015bciowych \u2013 takich jak Facebook, YouTube, Instagram,\u00a0TikTok\u00a0czy LinkedIn \u2013 dziel\u0105c si\u0119 wiedz\u0105, do\u015bwiadczeniem oraz buduj\u0105c spo\u0142eczno\u015b\u0107 wok\u00f3\u0142 bran\u017cy transportowej i rolniczej.\u00a0<\/p>\n\n\n\n<p>Droga, kt\u00f3ra rozpocz\u0119\u0142a si\u0119 od niewielkiej firmy transportowej, doprowadzi\u0142a do powstania organizacji o og\u00f3lnopolskim zasi\u0119gu, szerokim portfolio \u015bwiatowych marek i zespo\u0142u setek specjalist\u00f3w, kt\u00f3rzy ka\u017cdego dnia wsp\u00f3\u0142tworz\u0105 jej si\u0142\u0119. <strong>To jednak nie tylko historia rozwoju firmy, ale przede wszystkim historia ludzi \u2013 odwagi w podejmowaniu decyzji, odpowiedzialno\u015bci za wsp\u00f3ln\u0105 przysz\u0142o\u015b\u0107 oraz relacji budowanych przez lata z pracownikami, partnerami i klientami<\/strong>. Cho\u0107 skala dzia\u0142alno\u015bci znacz\u0105co si\u0119 zmieni\u0142a, jej fundament pozostaje ten sam \u2013 <strong>rodzinne podej\u015bcie do biznesu i warto\u015bci, kt\u00f3re od pocz\u0105tku wyznaczaj\u0105 kierunek dzia\u0142ania.\u00a0<\/strong><\/p>\n\n\n\n<p>Dzi\u015b w przysz\u0142o\u015b\u0107 patrzymy z t\u0105 sam\u0105 energi\u0105, kt\u00f3ra towarzyszy\u0142a pocz\u0105tkom naszej drogi. Bo cho\u0107 wiele ju\u017c osi\u0105gn\u0119li\u015bmy, wierzymy, \u017ce najwa\u017cniejsze rozdzia\u0142y tej historii wci\u0105\u017c s\u0105 jeszcze przed nami.&nbsp;<\/p>\n\n\n\n<div style=\"height:28px\" aria-hidden=\"true\" class=\"wp-block-spacer\"><\/div>\n\n\n\n<p class=\"has-text-align-right\"><em>Dzi\u0119kujemy, \u017ce jeste\u015bcie cz\u0119\u015bci\u0105 naszej historii!<\/em><\/p>\n\n\n\n<p><\/p>\n","protected":false},"excerpt":{"rendered":"<p>Historia Grupy\u00a0Wanicki\u00a0to opowie\u015b\u0107 o odwadze, pracy i nieustannym rozwoju. To historia firmy, kt\u00f3ra z niewielkiego przedsi\u0119biorstwa transportowego powsta\u0142ego 35 lat temu przekszta\u0142ci\u0142a si\u0119 w jedn\u0105 z najbardziej rozpoznawalnych organizacji w bran\u017cy transportowej i rolniczej w Polsce. To r\u00f3wnie\u017c historia ludzi \u2013 rodziny, zespo\u0142u i klient\u00f3w \u2013 kt\u00f3rzy wsp\u00f3lnie buduj\u0105 jej sukces.\u00a0 Co szczeg\u00f3lnie wa\u017cne, pomimo &hellip; <a href=\"https:\/\/wanicki.pl\/en\/aktualnosci\/swietujemy-35-lat-wanicki\/\">Continued<\/a><\/p>\n","protected":false},"author":2,"featured_media":9663,"comment_status":"closed","ping_status":"closed","sticky":false,"template":"","format":"standard","meta":{"_acf_changed":false,"_seopress_robots_primary_cat":"none","_seopress_titles_title":"Od 35 lat Nap\u0119dzamy Tw\u00f3j rozw\u00f3j!","_seopress_titles_desc":"\u015awi\u0119tujemy 35 lat Grupy Wanicki \u2013 historii budowanej przez ludzi, relacje i warto\u015bci, kt\u00f3re s\u0105 z nami od pocz\u0105tku.","_seopress_robots_index":"","inline_featured_image":false,"footnotes":""},"categories":[57],"tags":[],"class_list":["post-9626","post","type-post","status-publish","format-standard","has-post-thumbnail","hentry","category-wydarzenia"],"acf":[],"_links":{"self":[{"href":"https:\/\/wanicki.pl\/en\/wp-json\/wp\/v2\/posts\/9626","targetHints":{"allow":["GET"]}}],"collection":[{"href":"https:\/\/wanicki.pl\/en\/wp-json\/wp\/v2\/posts"}],"about":[{"href":"https:\/\/wanicki.pl\/en\/wp-json\/wp\/v2\/types\/post"}],"author":[{"embeddable":true,"href":"https:\/\/wanicki.pl\/en\/wp-json\/wp\/v2\/users\/2"}],"replies":[{"embeddable":true,"href":"https:\/\/wanicki.pl\/en\/wp-json\/wp\/v2\/comments?post=9626"}],"version-history":[{"count":22,"href":"https:\/\/wanicki.pl\/en\/wp-json\/wp\/v2\/posts\/9626\/revisions"}],"predecessor-version":[{"id":9666,"href":"https:\/\/wanicki.pl\/en\/wp-json\/wp\/v2\/posts\/9626\/revisions\/9666"}],"wp:featuredmedia":[{"embeddable":true,"href":"https:\/\/wanicki.pl\/en\/wp-json\/wp\/v2\/media\/9663"}],"wp:attachment":[{"href":"https:\/\/wanicki.pl\/en\/wp-json\/wp\/v2\/media?parent=9626"}],"wp:term":[{"taxonomy":"category","embeddable":true,"href":"https:\/\/wanicki.pl\/en\/wp-json\/wp\/v2\/categories?post=9626"},{"taxonomy":"post_tag","embeddable":true,"href":"https:\/\/wanicki.pl\/en\/wp-json\/wp\/v2\/tags?post=9626"}],"curies":[{"name":"wp","href":"https:\/\/api.w.org\/{rel}","templated":true}]}}