{"id":2211,"date":"2024-07-01T15:13:11","date_gmt":"2024-07-01T13:13:11","guid":{"rendered":"https:\/\/wanicki.pl\/irizar\/?p=2211"},"modified":"2024-07-01T15:13:12","modified_gmt":"2024-07-01T13:13:12","slug":"irizar-i6s-najefektywniejszy-autokar-w-historii-irizar","status":"publish","type":"post","link":"https:\/\/wanicki.pl\/irizar\/2024\/07\/01\/irizar-i6s-najefektywniejszy-autokar-w-historii-irizar\/","title":{"rendered":"Irizar i6S, najefektywniejszy autokar w historii Irizar"},"content":{"rendered":"<div class=\"wp-block-wanicki-image-with-text image-with-text \">\n\n    <div class=\"image-with-text__image\">\n                    <div class=\"image-with-text__image-photo\"\n                 style=\"background-image: url(https:\/\/wanicki.pl\/irizar\/wp-content\/uploads\/sites\/12\/2024\/07\/i6s-2-a4888cf4.webp)\"><\/div>\n            <\/div>\n\n    <div class=\"image-with-text__info  \">\n                    <div class=\"image-with-text__info-title-wrapper\">\n                <h2 class=\"image-with-text__info-title\">Wsp\u00f3\u0142czynnik aerodynamiczny poprawiony o 30%<\/h2>\n                                    <\/div>\n                            <div class=\"image-with-text__info-text\">\n                <p>Doskona\u0142a aerodynamika jest kluczem do nowej generacji autokar\u00f3w. Cz\u0119\u015b\u0107 przodu pojazdu i dachu zosta\u0142a zmodyfikowana. Ponadto Irizar i6S Efficient ma mo\u017cliwo\u015b\u0107 zast\u0105pienia lusterek wstecznych kamerami z cyfrow\u0105 wizj\u0105, co ma podw\u00f3jny cel: zapewnienia szerokok\u0105tnego widzenia w ka\u017cdych warunkach pogodowych i popraw\u0119 aerodynamiki. Te modyfikacje zapewniaj\u0105 popraw\u0119 bezpo\u015bredniego i po\u015bredniego pola widzenia kierowcy.<\/p>\n<p>&nbsp;<\/p>\n\n            <\/div>\n                        \n    <\/div>\n\n<\/div>\n\n\n<div class=\"wp-block-wanicki-image-with-text image-with-text  image-with-text--reversed \">\n\n    <div class=\"image-with-text__image\">\n                    <div class=\"image-with-text__image-photo\"\n                 style=\"background-image: url(https:\/\/wanicki.pl\/irizar\/wp-content\/uploads\/sites\/12\/2024\/07\/i6s-4-759daf5d.webp)\"><\/div>\n            <\/div>\n\n    <div class=\"image-with-text__info  image-with-text__info--reversed  \">\n                    <div class=\"image-with-text__info-title-wrapper\">\n                <h2 class=\"image-with-text__info-title\">Maksymalny komfort podr\u00f3\u017cy<\/h2>\n                                    <\/div>\n                            <div class=\"image-with-text__info-text\">\n                <p>Dzi\u0119ki tej innowacji uda\u0142o\u00a0 si\u0119 zwi\u0119kszy\u0107 przestrze\u0144 dla pasa\u017cer\u00f3w, aby poprawi\u0107 ergonomi\u0119 i komfort. Zredukowany zosta\u0142 r\u00f3wnie\u017c ha\u0142as i wibracje do minimum.<\/p>\n<p>Kokpit r\u00f3wnie\u017c zosta\u0142 przeprojektowany, aby by\u0142 wygodniejszy i bardziej ergonomiczny oraz zapewnia\u0142 wi\u0119ksze pole widzenia. Nowa linia urz\u0105dze\u0144 klimatyzacyjnych Hispacold jest bardziej kompaktowa, wydajna i l\u017cejsza.<\/p>\n<p>Dzi\u0119ki temu podr\u00f3\u017cowanie nowym Irizarem b\u0119dzie tak komfortowe, jak to tylko mo\u017cliwe.<\/p>\n\n            <\/div>\n                        \n    <\/div>\n\n<\/div>\n","protected":false},"excerpt":{"rendered":"","protected":false},"author":4,"featured_media":2212,"comment_status":"open","ping_status":"open","sticky":false,"template":"","format":"standard","meta":{"_acf_changed":false,"_seopress_robots_primary_cat":"","_seopress_titles_title":"","_seopress_titles_desc":"","_seopress_robots_index":"","inline_featured_image":false,"footnotes":""},"categories":[20],"tags":[],"class_list":["post-2211","post","type-post","status-publish","format-standard","has-post-thumbnail","hentry","category-autokary"],"acf":[],"_links":{"self":[{"href":"https:\/\/wanicki.pl\/irizar\/wp-json\/wp\/v2\/posts\/2211","targetHints":{"allow":["GET"]}}],"collection":[{"href":"https:\/\/wanicki.pl\/irizar\/wp-json\/wp\/v2\/posts"}],"about":[{"href":"https:\/\/wanicki.pl\/irizar\/wp-json\/wp\/v2\/types\/post"}],"author":[{"embeddable":true,"href":"https:\/\/wanicki.pl\/irizar\/wp-json\/wp\/v2\/users\/4"}],"replies":[{"embeddable":true,"href":"https:\/\/wanicki.pl\/irizar\/wp-json\/wp\/v2\/comments?post=2211"}],"version-history":[{"count":2,"href":"https:\/\/wanicki.pl\/irizar\/wp-json\/wp\/v2\/posts\/2211\/revisions"}],"predecessor-version":[{"id":2216,"href":"https:\/\/wanicki.pl\/irizar\/wp-json\/wp\/v2\/posts\/2211\/revisions\/2216"}],"wp:featuredmedia":[{"embeddable":true,"href":"https:\/\/wanicki.pl\/irizar\/wp-json\/wp\/v2\/media\/2212"}],"wp:attachment":[{"href":"https:\/\/wanicki.pl\/irizar\/wp-json\/wp\/v2\/media?parent=2211"}],"wp:term":[{"taxonomy":"category","embeddable":true,"href":"https:\/\/wanicki.pl\/irizar\/wp-json\/wp\/v2\/categories?post=2211"},{"taxonomy":"post_tag","embeddable":true,"href":"https:\/\/wanicki.pl\/irizar\/wp-json\/wp\/v2\/tags?post=2211"}],"curies":[{"name":"wp","href":"https:\/\/api.w.org\/{rel}","templated":true}]}}